{"id":101,"date":"2016-03-06T22:12:28","date_gmt":"2016-03-06T21:12:28","guid":{"rendered":"https:\/\/edouardroch.ch\/?p=101"},"modified":"2016-04-19T17:48:56","modified_gmt":"2016-04-19T16:48:56","slug":"jean-paul-berger","status":"publish","type":"post","link":"https:\/\/edouardroch.ch\/?p=101","title":{"rendered":"Jean-Paul Berger"},"content":{"rendered":"<p>du samedi 12 mars au dimanche 3 avril<\/p>\n<p>vernissage le samedi 12 mars d\u00e8s 15 h 30<\/p>\n<p><img loading=\"lazy\" decoding=\"async\" class=\"alignnone size-medium wp-image-52\" src=\"https:\/\/edouardroch.ch\/wp-content\/uploads\/2016\/02\/petit-225x300.jpg\" alt=\"petit\" width=\"225\" height=\"300\" srcset=\"https:\/\/edouardroch.ch\/wp-content\/uploads\/2016\/02\/petit-225x300.jpg 225w, https:\/\/edouardroch.ch\/wp-content\/uploads\/2016\/02\/petit.jpg 657w\" sizes=\"auto, (max-width: 225px) 100vw, 225px\" \/><\/p>\n<p>D\u00e9ambuler au bord du lac \u00e0 certains moments de la journ\u00e9e, le contempler attentivement et se dire qu\u2019il faudrait donner une image de cette impression globale, de cette impr\u00e9gnation, qui \u00e9limine par l\u00e0-m\u00eame tout objet reconnaissable, jet\u00e9es, rochers, bateaux, montagnes.<\/p>\n<p>Ne restent que des horizontales, jouant entre elles en se r\u00e9pondant\u00a0: couleurs fortes ou claires, valeurs, lumi\u00e8res, mati\u00e8res infimes et transparentes, ce qui donne ces peintures.<\/p>\n","protected":false},"excerpt":{"rendered":"<p>du samedi 12 mars au dimanche 3 avril vernissage le samedi 12 mars d\u00e8s 15 h 30 D\u00e9ambuler au bord du lac \u00e0 certains moments de la journ\u00e9e, le contempler attentivement et se dire qu\u2019il faudrait donner une image de cette impression globale, de cette impr\u00e9gnation, qui \u00e9limine par l\u00e0-m\u00eame tout objet reconnaissable, jet\u00e9es, rochers,<a href=\"https:\/\/edouardroch.ch\/?p=101\">[&#8230;]<\/a><\/p>\n","protected":false},"author":2,"featured_media":0,"comment_status":"closed","ping_status":"closed","sticky":false,"template":"","format":"standard","meta":{"footnotes":""},"categories":[6],"tags":[],"class_list":["post-101","post","type-post","status-publish","format-standard","hentry","category-expo-personnelle"],"_links":{"self":[{"href":"https:\/\/edouardroch.ch\/index.php?rest_route=\/wp\/v2\/posts\/101","targetHints":{"allow":["GET"]}}],"collection":[{"href":"https:\/\/edouardroch.ch\/index.php?rest_route=\/wp\/v2\/posts"}],"about":[{"href":"https:\/\/edouardroch.ch\/index.php?rest_route=\/wp\/v2\/types\/post"}],"author":[{"embeddable":true,"href":"https:\/\/edouardroch.ch\/index.php?rest_route=\/wp\/v2\/users\/2"}],"replies":[{"embeddable":true,"href":"https:\/\/edouardroch.ch\/index.php?rest_route=%2Fwp%2Fv2%2Fcomments&post=101"}],"version-history":[{"count":1,"href":"https:\/\/edouardroch.ch\/index.php?rest_route=\/wp\/v2\/posts\/101\/revisions"}],"predecessor-version":[{"id":103,"href":"https:\/\/edouardroch.ch\/index.php?rest_route=\/wp\/v2\/posts\/101\/revisions\/103"}],"wp:attachment":[{"href":"https:\/\/edouardroch.ch\/index.php?rest_route=%2Fwp%2Fv2%2Fmedia&parent=101"}],"wp:term":[{"taxonomy":"category","embeddable":true,"href":"https:\/\/edouardroch.ch\/index.php?rest_route=%2Fwp%2Fv2%2Fcategories&post=101"},{"taxonomy":"post_tag","embeddable":true,"href":"https:\/\/edouardroch.ch\/index.php?rest_route=%2Fwp%2Fv2%2Ftags&post=101"}],"curies":[{"name":"wp","href":"https:\/\/api.w.org\/{rel}","templated":true}]}}