{"id":250,"date":"2018-06-11T20:16:18","date_gmt":"2018-06-11T19:16:18","guid":{"rendered":"https:\/\/edouardroch.ch\/?p=250"},"modified":"2018-06-11T20:16:18","modified_gmt":"2018-06-11T19:16:18","slug":"said-fahran","status":"publish","type":"post","link":"https:\/\/edouardroch.ch\/?p=250","title":{"rendered":"Sa\u00efd Fahran"},"content":{"rendered":"<p><strong>Une bouteille \u00e0 la mer<\/strong><\/p>\n<p>Vernissage le samedi 16 juin\u00a0d\u00e8s 15 h<br \/>\nExposition du 16 juin\u00a0au 12 ao\u00fbt\u00a02018<\/p>\n<p><img loading=\"lazy\" decoding=\"async\" class=\"alignnone size-medium wp-image-256\" src=\"https:\/\/edouardroch.ch\/wp-content\/uploads\/2018\/06\/farhan-300x297.jpg\" alt=\"farhan\" width=\"300\" height=\"297\" srcset=\"https:\/\/edouardroch.ch\/wp-content\/uploads\/2018\/06\/farhan-300x297.jpg 300w, https:\/\/edouardroch.ch\/wp-content\/uploads\/2018\/06\/farhan-150x150.jpg 150w, https:\/\/edouardroch.ch\/wp-content\/uploads\/2018\/06\/farhan.jpg 499w\" sizes=\"auto, (max-width: 300px) 100vw, 300px\" \/><\/p>\n<p>Une bouteille jet\u00e9e \u00e0 la mer est un appel au secours, le dernier recours d\u2019un homme au milieu d\u2019un d\u00e9sastre. Dans le domaine de la fiction, elle est souvent \u00e9voqu\u00e9e comme une d\u00e9marche d\u00e9sesp\u00e9r\u00e9e dont\u00a0l\u2019aboutissement est improbable.<\/p>\n<p>Pour un peintre, aborder ce th\u00e8me impose un autre cheminement, celui qui consiste \u00e0 renouer avec les ann\u00e9es des Beaux-Arts : reprendre la nature morte, le dessin \u00e0 la pointe s\u00e8che, \u00e0 la mine de plomb, saisir la silhouette d\u2019un mod\u00e8le, fabriquer une teinte \u00e0 partir de pigments&#8230; Pourquoi ce soudain int\u00e9r\u00eat, est-ce l\u2019effet de la soixantaine lorsque le go\u00fbt de l\u2019isolement nous ram\u00e8ne vers les lieux de notre jeunesse ?<\/p>\n<p>Il y a quelques ann\u00e9es, alors que l\u2019artiste s\u2019appr\u00eate \u00e0 entamer un long voyage aux quatre coins du monde, une amie norv\u00e9gienne lui demande de traduire un papier que ses enfants ont trouv\u00e9 dans une bouteille au bord de la mer, pr\u00e8s de Bergen. Elle a la clairvoyance de ne pas apporter la bouteille, aiguisant ainsi son imagination ; un artiste est un individu qu\u2019il faudrait enfermer dans un atelier et astreindre \u00e0 traduire sa m\u00e9moire !<\/p>\n<p>C\u2019est un signe provenant de sa r\u00e9gion natale que le destin, apr\u00e8s une longue travers\u00e9e, lui transmet de main en main.<\/p>\n<p>Le th\u00e8me de la bouteille, il l\u2019avait abord\u00e9 dans les ann\u00e9es quatre-vingt, y consacrant une exposition dans la petite galerie La Luna \u00e0 Vevey sous le titre de \u00ab cerfs-volants \u00bb : de petites \u0153uvres ex\u00e9cut\u00e9es principalement \u00e0 l\u2019encre indienne. Cette fois, la dimension tragique l\u2019emporte sur l\u2019attrait de la forme.<\/p>\n<p>Une quantit\u00e9 impressionnante de dessins, de gravures, d\u2019encres et de tableaux remplissent progressivement son atelier. Mais un accident de la route suivi d\u2019une lourde op\u00e9ration chirurgicale a d\u00e9vi\u00e9 son travail de sa trajectoire initiale. La missive trouv\u00e9e dans la bouteille acquiert \u00e0 pr\u00e9sent la forme d\u2019une blessure, d\u2019une nature probablement identique.<\/p>\n<p>Sa fille lui rappelle que la forme de sa cicatrice ressemble \u00e0 ses anciennes gravures. F\u00e9ru de gravure, il proc\u00e8de alors au\u00a0d\u00e9coupage de ses plaques en deux parties \u00e9gales, les liant ensuite avec un fil de fer. Pourquoi un tel geste ? Peut-\u00eatre pour faire l\u2019esquisse de cette blessure qu\u2019il porte depuis toujours et qu\u2019il arbore comme le troph\u00e9e d\u2019une guerre imaginaire ?<\/p>\n<p>La bouteille ballot\u00e9e au gr\u00e9 des courants marins est maintenant nou\u00e9e \u00e0 un fil qui traverse le tableau pour former une cicatrice.<\/p>\n<p>Ces images indiquent une direction, une route que cet \u00ab homme d\u00e9plac\u00e9 \u00bb devait entreprendre pour clore son p\u00e9riple.<\/p>\n<p>On part pour fuir une honte, sugg\u00e9rait Bruce Chatwin, et notre artiste semble dire \u00ab pour payer une dette \u00bb \u00ab Laquelle ? Celle d\u2019avoir \u00e9chapp\u00e9 \u00e0 un massacre sans pouvoir sauver les siens ? Ou est-ce le d\u00e9sir imp\u00e9rieux de recommencer, de v\u00e9rifier la justesse d\u2019un vieux r\u00eave\u00a0? \u00bb<\/p>\n<p>Avant d\u2019empoigner sa valise pour entamer son tour du monde, un voyage qui s\u2019annonce sans retour, l\u2019artiste, au travers de cette mini-r\u00e9trospective, montre des fragments de trois d\u00e9cennies d\u2019un travail en marge, d\u2019un homme oscillant entre Orient et Occident, entre gravure et \u00e9criture, entre m\u00e9moire afflig\u00e9e et existence temporaire, entre peinture et litt\u00e9rature ; une \u0153uvre dont le but ultime est d\u2019acqu\u00e9rir les outils les plus raffin\u00e9s pour pouvoir recoudre une plaie ; valait-il vraiment la peine de consacrer toute une vie \u00e0 graver inlassablement une blessure ?<\/p>\n<p>John. E. Meed<\/p>\n<p>(Critique d\u2019art et journaliste britannique) Extraits d\u2019une pr\u00e9face du catalogue<\/p>\n","protected":false},"excerpt":{"rendered":"<p>Une bouteille \u00e0 la mer Vernissage le samedi 16 juin\u00a0d\u00e8s 15 h Exposition du 16 juin\u00a0au 12 ao\u00fbt\u00a02018 Une bouteille jet\u00e9e \u00e0 la mer est un appel au secours, le dernier recours d\u2019un homme au milieu d\u2019un d\u00e9sastre. Dans le domaine de la fiction, elle est souvent \u00e9voqu\u00e9e comme une d\u00e9marche d\u00e9sesp\u00e9r\u00e9e dont\u00a0l\u2019aboutissement est improbable.<a href=\"https:\/\/edouardroch.ch\/?p=250\">[&#8230;]<\/a><\/p>\n","protected":false},"author":2,"featured_media":0,"comment_status":"closed","ping_status":"closed","sticky":false,"template":"","format":"standard","meta":{"footnotes":""},"categories":[8],"tags":[],"class_list":["post-250","post","type-post","status-publish","format-standard","hentry","category-expo-actuelle"],"_links":{"self":[{"href":"https:\/\/edouardroch.ch\/index.php?rest_route=\/wp\/v2\/posts\/250","targetHints":{"allow":["GET"]}}],"collection":[{"href":"https:\/\/edouardroch.ch\/index.php?rest_route=\/wp\/v2\/posts"}],"about":[{"href":"https:\/\/edouardroch.ch\/index.php?rest_route=\/wp\/v2\/types\/post"}],"author":[{"embeddable":true,"href":"https:\/\/edouardroch.ch\/index.php?rest_route=\/wp\/v2\/users\/2"}],"replies":[{"embeddable":true,"href":"https:\/\/edouardroch.ch\/index.php?rest_route=%2Fwp%2Fv2%2Fcomments&post=250"}],"version-history":[{"count":1,"href":"https:\/\/edouardroch.ch\/index.php?rest_route=\/wp\/v2\/posts\/250\/revisions"}],"predecessor-version":[{"id":257,"href":"https:\/\/edouardroch.ch\/index.php?rest_route=\/wp\/v2\/posts\/250\/revisions\/257"}],"wp:attachment":[{"href":"https:\/\/edouardroch.ch\/index.php?rest_route=%2Fwp%2Fv2%2Fmedia&parent=250"}],"wp:term":[{"taxonomy":"category","embeddable":true,"href":"https:\/\/edouardroch.ch\/index.php?rest_route=%2Fwp%2Fv2%2Fcategories&post=250"},{"taxonomy":"post_tag","embeddable":true,"href":"https:\/\/edouardroch.ch\/index.php?rest_route=%2Fwp%2Fv2%2Ftags&post=250"}],"curies":[{"name":"wp","href":"https:\/\/api.w.org\/{rel}","templated":true}]}}