{"id":259,"date":"2018-09-13T11:10:03","date_gmt":"2018-09-13T10:10:03","guid":{"rendered":"https:\/\/edouardroch.ch\/?p=259"},"modified":"2018-09-13T11:29:10","modified_gmt":"2018-09-13T10:29:10","slug":"michel-delanoe","status":"publish","type":"post","link":"https:\/\/edouardroch.ch\/?p=259","title":{"rendered":"Michel Delano\u00eb"},"content":{"rendered":"<p>Exposition jusqu&rsquo;au dimanche 30 septembre\u00a02018<\/p>\n<p><img loading=\"lazy\" decoding=\"async\" class=\"size-medium wp-image-260 aligncenter\" src=\"https:\/\/edouardroch.ch\/wp-content\/uploads\/2018\/09\/Invitation_Delanoe_DEF_planche-1-237x300.jpg\" alt=\"Mise en page 1\" width=\"237\" height=\"300\" srcset=\"https:\/\/edouardroch.ch\/wp-content\/uploads\/2018\/09\/Invitation_Delanoe_DEF_planche-1-237x300.jpg 237w, https:\/\/edouardroch.ch\/wp-content\/uploads\/2018\/09\/Invitation_Delanoe_DEF_planche-1-768x971.jpg 768w, https:\/\/edouardroch.ch\/wp-content\/uploads\/2018\/09\/Invitation_Delanoe_DEF_planche-1-810x1024.jpg 810w, https:\/\/edouardroch.ch\/wp-content\/uploads\/2018\/09\/Invitation_Delanoe_DEF_planche-1.jpg 872w\" sizes=\"auto, (max-width: 237px) 100vw, 237px\" \/><\/p>\n<div class=\"page\" title=\"Page 2\">\n<div class=\"layoutArea\">\n<div class=\"column\">\n<p><em>Michel Delano\u00eb, il est n\u00e9 magicien, normand, passeur, gaulois, solaire, presque renard, tr\u00e8s t\u00f4t parti pour une longue \u00e9pop\u00e9e \u00abverri\u00e8re\u00bb men\u00e9e maillets battants, contre l\u2019opacit\u00e9.<\/em><\/p>\n<p><em>Pass\u00e9 en Suisse sans larme et sans bagage, il s\u2019en va battre, entre Lausanne et Sion, les cartes, la campagne, le pav\u00e9, la chamade et bien \u00e9videmment \u00able verre quand il est chaud\u00bb.<\/em><\/p>\n<p><em>Ann\u00e9es de bel ouvrage et de jubilation pour le bouillant \u00abFox-Verrier\u00bb rejoint tr\u00e8s vite dans son cheminement par les Amis du Clou (voire de la soupe aux pois) et ceux de l\u2019Etiquette.<\/em><\/p>\n<p><em>Et puis, cr\u00e9nom de nom, le revoil\u00e0, l\u2019enchanteur aux yeux bleus, br\u00fblant de fi\u00e8ve cr\u00e9atrice, enfournant sans rel\u00e2che (le verre n\u2019est-il pas dans le cuit!) la lumineuse et subtile mati\u00e8re.<\/em><\/p>\n<\/div>\n<div class=\"column\">\n<p><em>Et c\u2019est encore le m\u00eame \u00e9nergum\u00e8ne qui s\u2019arcboute pour un vitrail sur les \u00e9chafaudages de quelque cath\u00e9drale, faisant sien le propos du P\u00e8re Marie-Alain Couturier(comme il l\u2019a confi\u00e9 en 2015 \u00e0 l\u2019\u00e9minent journaliste Pierre Hugli): \u00abL\u2019important, ce n\u2019est pas de faire religieux, mais c\u2019est d\u2019\u00eatre vrai\u00bb.<\/em><\/p>\n<p><em>Mais loin des nasses de la ville, il sait aussi se mettre au vert (sic), filant gaillardement vers sa tani\u00e8re de Serix pour allumer, vodkaphile averti, les m\u00e8ches ardentes du pr\u00e9sent.<\/em><\/p>\n<p><em>Et puisqu\u2019enfin:\u00abici, tout est symbole\u00bb, amenons le \u00abgrand coq\u00bb (A. Jarry) pour la beaut\u00e9 du geste et dans la chaude fidelit\u00e9 de l\u2019encre, osons deux lignes \u00abpour la route\u00bb:<\/em><\/p>\n<p><em>Aux mots de faire silence, Que la fusion commence!<\/em><\/p>\n<p>Andr\u00e9 Jaccard<\/p>\n<\/div>\n<\/div>\n<\/div>\n<p>&nbsp;<\/p>\n<p><img loading=\"lazy\" decoding=\"async\" class=\"size-medium wp-image-262 aligncenter\" src=\"https:\/\/edouardroch.ch\/wp-content\/uploads\/2018\/09\/Invitation_Delanoe_DEF_planche-3-202x300.jpg\" alt=\"Mise en page 1\" width=\"202\" height=\"300\" srcset=\"https:\/\/edouardroch.ch\/wp-content\/uploads\/2018\/09\/Invitation_Delanoe_DEF_planche-3-202x300.jpg 202w, https:\/\/edouardroch.ch\/wp-content\/uploads\/2018\/09\/Invitation_Delanoe_DEF_planche-3.jpg 478w\" sizes=\"auto, (max-width: 202px) 100vw, 202px\" \/><\/p>\n<div class=\"page\" title=\"Page 2\">\n<div class=\"layoutArea\">\n<div class=\"column\">\n<p>N\u00e9 en 1945 \u00e0 Caen, \u00e9tabli en Suisse depuis 1970.<br \/>\n\u00c0 cette occasion un livre para\u00eetra pour retracer un demi-si\u00e8cle \u00abd&rsquo;une vie avec le verre\u00bb<\/p>\n<\/div>\n<\/div>\n<\/div>\n","protected":false},"excerpt":{"rendered":"<p>Exposition jusqu&rsquo;au dimanche 30 septembre\u00a02018 Michel Delano\u00eb, il est n\u00e9 magicien, normand, passeur, gaulois, solaire, presque renard, tr\u00e8s t\u00f4t parti pour une longue \u00e9pop\u00e9e \u00abverri\u00e8re\u00bb men\u00e9e maillets battants, contre l\u2019opacit\u00e9. Pass\u00e9 en Suisse sans larme et sans bagage, il s\u2019en va battre, entre Lausanne et Sion, les cartes, la campagne, le pav\u00e9, la chamade et<a href=\"https:\/\/edouardroch.ch\/?p=259\">[&#8230;]<\/a><\/p>\n","protected":false},"author":2,"featured_media":0,"comment_status":"closed","ping_status":"closed","sticky":false,"template":"","format":"standard","meta":{"footnotes":""},"categories":[8],"tags":[],"class_list":["post-259","post","type-post","status-publish","format-standard","hentry","category-expo-actuelle"],"_links":{"self":[{"href":"https:\/\/edouardroch.ch\/index.php?rest_route=\/wp\/v2\/posts\/259","targetHints":{"allow":["GET"]}}],"collection":[{"href":"https:\/\/edouardroch.ch\/index.php?rest_route=\/wp\/v2\/posts"}],"about":[{"href":"https:\/\/edouardroch.ch\/index.php?rest_route=\/wp\/v2\/types\/post"}],"author":[{"embeddable":true,"href":"https:\/\/edouardroch.ch\/index.php?rest_route=\/wp\/v2\/users\/2"}],"replies":[{"embeddable":true,"href":"https:\/\/edouardroch.ch\/index.php?rest_route=%2Fwp%2Fv2%2Fcomments&post=259"}],"version-history":[{"count":4,"href":"https:\/\/edouardroch.ch\/index.php?rest_route=\/wp\/v2\/posts\/259\/revisions"}],"predecessor-version":[{"id":271,"href":"https:\/\/edouardroch.ch\/index.php?rest_route=\/wp\/v2\/posts\/259\/revisions\/271"}],"wp:attachment":[{"href":"https:\/\/edouardroch.ch\/index.php?rest_route=%2Fwp%2Fv2%2Fmedia&parent=259"}],"wp:term":[{"taxonomy":"category","embeddable":true,"href":"https:\/\/edouardroch.ch\/index.php?rest_route=%2Fwp%2Fv2%2Fcategories&post=259"},{"taxonomy":"post_tag","embeddable":true,"href":"https:\/\/edouardroch.ch\/index.php?rest_route=%2Fwp%2Fv2%2Ftags&post=259"}],"curies":[{"name":"wp","href":"https:\/\/api.w.org\/{rel}","templated":true}]}}