{"id":368,"date":"2022-08-25T21:37:45","date_gmt":"2022-08-25T20:37:45","guid":{"rendered":"https:\/\/edouardroch.ch\/?p=368"},"modified":"2022-08-26T05:49:44","modified_gmt":"2022-08-26T04:49:44","slug":"richard-apprederis","status":"publish","type":"post","link":"https:\/\/edouardroch.ch\/?p=368","title":{"rendered":"Richard Appr\u00e9deris"},"content":{"rendered":"\n<h2 class=\"wp-block-heading\"><strong>COULEURS EN NOTES DE MUSIQUE<\/strong><\/h2>\n\n\n\n<p>Vernissage le samedi 10&nbsp;et le dimanche&nbsp;11 septembre d\u00e8s 14&nbsp;heures en pr\u00e9sence des amis de l&rsquo;artiste.<\/p>\n\n\n\n<figure class=\"wp-block-image size-large\"><img loading=\"lazy\" decoding=\"async\" width=\"1024\" height=\"705\" src=\"https:\/\/edouardroch.ch\/wp-content\/uploads\/2022\/08\/1134_LIncoronazione_di_Poppea-1024x705.jpg\" alt=\"\" class=\"wp-image-372\" srcset=\"https:\/\/edouardroch.ch\/wp-content\/uploads\/2022\/08\/1134_LIncoronazione_di_Poppea-1024x705.jpg 1024w, https:\/\/edouardroch.ch\/wp-content\/uploads\/2022\/08\/1134_LIncoronazione_di_Poppea-300x207.jpg 300w, https:\/\/edouardroch.ch\/wp-content\/uploads\/2022\/08\/1134_LIncoronazione_di_Poppea-768x529.jpg 768w, https:\/\/edouardroch.ch\/wp-content\/uploads\/2022\/08\/1134_LIncoronazione_di_Poppea-1536x1058.jpg 1536w, https:\/\/edouardroch.ch\/wp-content\/uploads\/2022\/08\/1134_LIncoronazione_di_Poppea-2048x1410.jpg 2048w\" sizes=\"auto, (max-width: 1024px) 100vw, 1024px\" \/><figcaption>L&rsquo;Incoronazione di Popp\u00e9a<\/figcaption><\/figure>\n\n\n\n<h2 class=\"wp-block-heading\"><strong>Un tableau un visage une intrigue<\/strong><\/h2>\n\n\n\n<p>Une intrigue, mise en sc\u00e8ne par un, deux ou plusieurs personnages recevant chacun un espace sur la toile. A peine esquiss\u00e9s j\u2019envisage d\u00e9j\u00e0 de les repeindre, d\u2019en faire une nouvelle version de repentis en retouches. Rachmaninov est le bon rythme pour moi alors je l\u2019\u00e9coute \u00e0 me faire rompre les tympans et je le suis, je me calque, je me fais ombre port\u00e9e. Les regards intimes int\u00e9rieurs de mes personnages offrent un double regard \u00e0 celui qui essaye de voir. Tous ceux qui les contempleront, cr\u00e9eront leur propre image, je ne fais qu\u2019un bout du chemin. Je me d\u00e9lecte lorsqu\u2019une de mes toiles attire des regards diff\u00e9rents. Je souhaite, au second niveau de lecture que mon travail soit soutenu non seulement par le message visuel mais par le propos suppos\u00e9.<\/p>\n\n\n\n<p>Ma conviction probablement un peu na\u00efve cynique d\u00e9sabus\u00e9e est tout de m\u00eame persuad\u00e9e que l\u2019image peut transpercer n\u2019importe quel regard. Une intrigue, pr\u00e9sente absente envahissante, j\u2019aime profond\u00e9ment cette \u00e9tape de cr\u00e9ation.<\/p>\n\n\n\n<p>L\u2019intrigue dont je parle, qu\u2019est-ce ? Un vrai faux ? Vrai, il existe. Faux, ce qu\u2019il repr\u00e9sente n\u2019existe pas. C\u2019est le regardant qui cr\u00e9e sa r\u00e9alit\u00e9.<\/p>\n\n\n\n<p>Richard Appr\u00e9deris<\/p>\n\n\n\n<figure class=\"wp-block-image size-large\"><img loading=\"lazy\" decoding=\"async\" width=\"784\" height=\"1024\" src=\"https:\/\/edouardroch.ch\/wp-content\/uploads\/2022\/08\/1095_ConcertoNo3-784x1024.jpg\" alt=\"\" class=\"wp-image-373\" srcset=\"https:\/\/edouardroch.ch\/wp-content\/uploads\/2022\/08\/1095_ConcertoNo3-784x1024.jpg 784w, https:\/\/edouardroch.ch\/wp-content\/uploads\/2022\/08\/1095_ConcertoNo3-230x300.jpg 230w, https:\/\/edouardroch.ch\/wp-content\/uploads\/2022\/08\/1095_ConcertoNo3-768x1003.jpg 768w, https:\/\/edouardroch.ch\/wp-content\/uploads\/2022\/08\/1095_ConcertoNo3-1177x1536.jpg 1177w, https:\/\/edouardroch.ch\/wp-content\/uploads\/2022\/08\/1095_ConcertoNo3-1569x2048.jpg 1569w, https:\/\/edouardroch.ch\/wp-content\/uploads\/2022\/08\/1095_ConcertoNo3-scaled.jpg 1961w\" sizes=\"auto, (max-width: 784px) 100vw, 784px\" \/><figcaption>Concerto No3<\/figcaption><\/figure>\n\n\n\n<h2 class=\"wp-block-heading\"><strong>Programme de l\u2019exposition<\/strong><\/h2>\n\n\n\n<p>Deux films r\u00e9alis\u00e9s par Franck Appr\u00e9deris sur le travail de Richard et mis en musique par Jean Musy, seront projet\u00e9s sur un \u00e9cran pendant la dur\u00e9e de l\u2019exposition.<\/p>\n\n\n\n<p><strong>Samedi 10 septembre \u00e0 14h<\/strong>, concert de musique classique<br>interpr\u00e9t\u00e9 par Charlotte Meyer, violoniste et Layla Ramezan, pianiste<\/p>\n\n\n\n<p>Sonate \u00ab Le Trille du diable \u00bb de Giuseppe Tartini&nbsp;Larghetto affettuoso \u2013 Allegro \u2013 Andante-Allegro-Adagio<\/p>\n\n\n\n<p>Musique iranienne<\/p>\n\n\n\n<p>Piotri Illitch Tchaikovski \u00ab Souvenir d\u2019un lieu cher \u00bb&nbsp;1. M\u00e9ditation 2. Scherzo 3. M\u00e9lodie<\/p>\n\n\n\n<p><strong>Dimanche 11 septembre \u00e0 14h<\/strong><\/p>\n\n\n\n<p>Performance en duo, Richard Appr\u00e9deris r\u00e9alisera en direct un tableau sur une improvisation au piano, propos\u00e9e par le compositeur, musicien Jean Musy.<\/p>\n\n\n\n<p>Durant le temps de l\u2019exposition, l\u2019artiste r\u00e9alisera un dessin sur place. Des cours de dessin seront donn\u00e9s aux enfants des \u00e9coles de la r\u00e9gion.<\/p>\n\n\n\n<p><strong>Samedi 24 septembre \u00e0 14h<\/strong><\/p>\n\n\n\n<p>Interlude po\u00e9tique (Charles Baudelaire, Jacques Pr\u00e9vert, Paul Verlaine, Paul Claudel) Textes li\u00e9s \u00e0 la peinture et \u00e0 la musique dits par Jean-Pierre Dorian.<\/p>\n\n\n\n<h2 class=\"wp-block-heading\">Richard Appr\u00e9deris<\/h2>\n\n\n\n<p>Devant une toile de Richard Appr\u00e9deris, on peut s\u2019interroger :<br>comment nommer cela ?<br>Des territoires inconnus s\u2019offrent \u00e0 nous, couleurs sensuelles et formes ovales, articul\u00e9es, originales. L\u2019artiste lui-m\u00eame parle de figuratif abstrait, moi je le classerais dans les post-modernes, mais bien s\u00fbr ce n\u2019est pas suffisant car il y a tout de m\u00eame une composante qui reste dans son \u0153uvre : le surr\u00e9alisme, surr\u00e9alisme qu\u2019il d\u00e9couvre adolescent, chez le peintre fran\u00e7ais Pierre Cadiou, ami de sa famille et aupr\u00e8s duquel il s\u2019\u00e9veille \u00e0 la peinture.<br>Une passion est n\u00e9e.<br>N\u00e9 en 1948, en Charente- Maritime, il commence son parcours \u00e0 l\u2019acad\u00e9mie Charpentier \u00e0 Paris.<br>Ses parents quittent la capitale fran\u00e7aise pour s\u2019installer \u00e0 Lausanne. Richard les suit et s\u2019inscrit aux cours de l\u2019\u00e9cole des Arts et M\u00e9tiers de Vevey, ville qui va devenir son port d\u2019attache.<br>Il y fr\u00e9quente des ma\u00eetres qu\u2019il se plait \u00e0 citer, comme Charles Cottet, le peintre fribourgeois, Jean-Marc Besson peintre lausannois qui lui enseigne le dessin, Robert H\u00e9ritier, le cr\u00e9ateur d\u2019\u00e9tiquette et surtout le sculpteur Fr\u00e9d\u00e9ric Muller avec qui il se lie d\u2019amiti\u00e9.<br>Tout l\u2019int\u00e9resse, la gravure, la peinture, la sculpture. Il acquiert dans tous ces domaines une ma\u00eetrise qui va lui assurer la libert\u00e9 de sa cr\u00e9ation.<br>Pour Richard Appr\u00e9deris, la pratique assidue de son art c\u2019est la vie, sa vie. Il passe le plus clair de son temps dans son atelier de Puidoux. Il pourrait reprendre \u00e0 son compte l\u2019aphorisme qu\u2019on pr\u00eate \u00e0 tant\u00f4t \u00e0 Thomas Edison, tant\u00f4t \u00e0 Jean-S\u00e9bastien Bach: le g\u00e9nie, c\u2019est 1% d\u2019inspiration, et 99% de transpiration. En travaillant sans rel\u00e2che, avec une discipline et une autocritique constantes, naissent ainsi des \u0153uvres tr\u00e8s personnelles, exprimant ses aspirations profondes, et repr\u00e9sentant volontiers des formes f\u00e9minines.<br>Appr\u00e9deris aime peindre en musique, il \u00e9coute volontiers les compositeurs russes, et aussi des interpr\u00e8tes comme la flamboyante violoniste allemande Anne-Sophie Mutter et la belle et talentueuse pianiste fran\u00e7aise H\u00e9l\u00e8ne Grimaud. Chaque peinture est unique, comme il le dit lui-m\u00eame: \u00abC\u2019est toujours la premi\u00e8re fois, dans le geste, dans la couleur, dans l\u2019\u00e9motion \u00bb.<\/p>\n\n\n\n<p><strong>Pierre Hugli<\/strong><\/p>\n\n\n\n<p>Journaliste libre<\/p>\n\n\n\n<p><strong>&nbsp;<\/strong>La Galerie est ouverte du mercredi au dimanche de 14h \u00e0 18h<\/p>\n\n\n\n<p>Finissage : Richard Appr\u00e9deris vous accueillera le dimanche 9 octobre 2022 de 11h \u00e0 17h.<\/p>\n","protected":false},"excerpt":{"rendered":"<p>COULEURS EN NOTES DE MUSIQUE Vernissage le samedi 10&nbsp;et le dimanche&nbsp;11 septembre d\u00e8s 14&nbsp;heures en pr\u00e9sence des amis de l&rsquo;artiste. Un tableau un visage une intrigue Une intrigue, mise en sc\u00e8ne par un, deux ou plusieurs personnages recevant chacun un espace sur la toile. A peine esquiss\u00e9s j\u2019envisage d\u00e9j\u00e0 de les repeindre, d\u2019en faire une<a href=\"https:\/\/edouardroch.ch\/?p=368\">[&#8230;]<\/a><\/p>\n","protected":false},"author":2,"featured_media":0,"comment_status":"closed","ping_status":"closed","sticky":false,"template":"","format":"standard","meta":{"footnotes":""},"categories":[8],"tags":[],"class_list":["post-368","post","type-post","status-publish","format-standard","hentry","category-expo-actuelle"],"_links":{"self":[{"href":"https:\/\/edouardroch.ch\/index.php?rest_route=\/wp\/v2\/posts\/368","targetHints":{"allow":["GET"]}}],"collection":[{"href":"https:\/\/edouardroch.ch\/index.php?rest_route=\/wp\/v2\/posts"}],"about":[{"href":"https:\/\/edouardroch.ch\/index.php?rest_route=\/wp\/v2\/types\/post"}],"author":[{"embeddable":true,"href":"https:\/\/edouardroch.ch\/index.php?rest_route=\/wp\/v2\/users\/2"}],"replies":[{"embeddable":true,"href":"https:\/\/edouardroch.ch\/index.php?rest_route=%2Fwp%2Fv2%2Fcomments&post=368"}],"version-history":[{"count":5,"href":"https:\/\/edouardroch.ch\/index.php?rest_route=\/wp\/v2\/posts\/368\/revisions"}],"predecessor-version":[{"id":379,"href":"https:\/\/edouardroch.ch\/index.php?rest_route=\/wp\/v2\/posts\/368\/revisions\/379"}],"wp:attachment":[{"href":"https:\/\/edouardroch.ch\/index.php?rest_route=%2Fwp%2Fv2%2Fmedia&parent=368"}],"wp:term":[{"taxonomy":"category","embeddable":true,"href":"https:\/\/edouardroch.ch\/index.php?rest_route=%2Fwp%2Fv2%2Fcategories&post=368"},{"taxonomy":"post_tag","embeddable":true,"href":"https:\/\/edouardroch.ch\/index.php?rest_route=%2Fwp%2Fv2%2Ftags&post=368"}],"curies":[{"name":"wp","href":"https:\/\/api.w.org\/{rel}","templated":true}]}}